{"id":3331,"date":"2023-05-08T07:22:58","date_gmt":"2023-05-08T06:22:58","guid":{"rendered":"http:\/\/role1618.odns.fr\/ein-urlaub-in-der-sonne-im-juli\/"},"modified":"2024-05-07T09:21:55","modified_gmt":"2024-05-07T08:21:55","slug":"ein-urlaub-in-der-sonne-im-juli","status":"publish","type":"post","link":"https:\/\/www.domainecadignac.com\/de\/ein-urlaub-in-der-sonne-im-juli\/","title":{"rendered":"IN DER PROVENCE ERWACHT DER FR\u00dcHLING"},"content":{"rendered":"\n<h1 class=\"wp-block-heading\" style=\"font-size:18px;font-style:normal;font-weight:500;text-transform:uppercase\">fr\u00fchling<\/h1>\n\n<p>Der Fr\u00fchlingszauber ist in der Provence angekommen! Vogelgezwitscher erf\u00fcllt die Luft, Weinreben erwachen mit einem leuchtend gr\u00fcnen Glanz, und wenn Sie genau hinschauen, lugen bereits winzige Weintrauben aus den Zweigen hervor. Die Olivenb\u00e4ume sind mit zarten Bl\u00fcten geschm\u00fcckt, w\u00e4hrend Kirsch-, Walnuss- und Feigenb\u00e4ume stolz ihre zuk\u00fcnftige F\u00fclle zur Schau stellen. Mit jedem Tag bleibt die Sonne ein wenig l\u00e4nger und erw\u00e4rmt die Luft mit dem Versprechen des Sommers.   <\/p>\n\n<p>Im Laufe der Saison erwacht das kulturelle Herz der Provence zum Leben. Avignons ber\u00fchmtes <a href=\"https:\/\/festivaldavignon.fr\/\">Stra\u00dfentheaterfestival<\/a> explodiert im Juli mit voller Energie, w\u00e4hrend sich die antike Arena von N\u00eemes in eine B\u00fchne f\u00fcr weltber\u00fchmte Musiker verwandelt. <\/p>\n\n<p><\/p>\n\n<h2 class=\"wp-block-heading\" style=\"font-size:18px;font-style:normal;font-weight:400;text-transform:uppercase\">Stellen Sie sich vor, Sie w\u00e4ren in diesem provenzalischen Paradies eingetaucht<\/h2>\n\n<p>Vielleicht stellen Sie sich entspannte Nachmittage vor, die Sie in der Sonne verbringen, Abende voller Lachen und lebhafter Darbietungen und den Genuss der k\u00f6stlichen Aromen der Region.<\/p>\n\n<p><strong>Der Traum kann Wirklichkeit werden!<\/strong> Im Juli haben wir noch freie Pl\u00e4tze. Wenn Sie auf der Suche nach einem bezaubernden Zufluchtsort sind, um die Sch\u00f6nheit des Fr\u00fchlings, der in den Sommer \u00fcbergeht, zu genie\u00dfen, dann ist die Provence genau das Richtige f\u00fcr Sie. Rufen Sie uns an oder senden Sie uns eine E-Mail f\u00fcr weitere Informationen \u2013 wir w\u00fcrden uns freuen, Sie, Leonard &amp; Esther, begr\u00fc\u00dfen zu d\u00fcrfen.  <\/p>\n\n<p><\/p>\n\n<figure class=\"wp-block-gallery has-nested-images columns-default is-cropped wp-block-gallery-2 is-layout-flex wp-block-gallery-is-layout-flex\">\n<figure class=\"wp-block-image size-large\"><img decoding=\"async\" data-id=\"1295\" src=\"https:\/\/domainecadignacgites.files.wordpress.com\/2023\/05\/img_1728-1.jpg?w=1024\" alt=\"Fr&#xFC;hling ist in der Luft. Die Kirschen wachsen. \" class=\"wp-image-1295\"\/><\/figure>\n\n\n\n<figure class=\"wp-block-image size-large\"><img decoding=\"async\" data-id=\"1293\" src=\"https:\/\/domainecadignacgites.files.wordpress.com\/2023\/05\/img_1713.jpg?w=1024\" alt=\"\" class=\"wp-image-1293\"\/><\/figure>\n\n\n\n<figure class=\"wp-block-image size-large\"><img decoding=\"async\" data-id=\"1294\" src=\"https:\/\/domainecadignacgites.files.wordpress.com\/2023\/05\/img_1718.jpg?w=1024\" alt=\"Der Feigenbaum mit seinen Fr&#xFC;chten.\" class=\"wp-image-1294\"\/><\/figure>\n\n\n\n<figure class=\"wp-block-image size-large\"><img decoding=\"async\" data-id=\"1296\" src=\"https:\/\/domainecadignacgites.files.wordpress.com\/2023\/05\/img_1720.jpg?w=1024\" alt=\"\" class=\"wp-image-1296\"\/><\/figure>\n<\/figure>\n\n<p><\/p>\n\n<h2 class=\"wp-block-heading\" style=\"font-size:18px;font-style:normal;font-weight:500;text-transform:uppercase\">Lauwarme Kirschsuppe f\u00fcr einen sch\u00f6nen Abend im Fr\u00fchling<\/h2>\n\n<p>Diese Suppe eignet sich sehr gut als besondere Vorspeise f\u00fcr ein leckeres Essen im Fr\u00fchling. Nach Belieben mit einem L\u00f6ffel Cr\u00e8me fra\u00eeche garnieren. <\/p>\n\n<figure class=\"wp-block-image size-full\"><img loading=\"lazy\" decoding=\"async\" width=\"816\" height=\"544\" src=\"https:\/\/www.domainecadignac.com\/wp-content\/uploads\/2024\/03\/IMG_2294.jpeg\" alt=\"Fr&#xFC;hling &#x2013; lauwarme Kirschsuppe, danke an #landleven f&#xFC;r das leckere Rezept.\" class=\"wp-image-5558\" srcset=\"https:\/\/www.domainecadignac.com\/wp-content\/uploads\/2024\/03\/IMG_2294.jpeg 816w, https:\/\/www.domainecadignac.com\/wp-content\/uploads\/2024\/03\/IMG_2294-300x200.jpeg 300w, https:\/\/www.domainecadignac.com\/wp-content\/uploads\/2024\/03\/IMG_2294-768x512.jpeg 768w, https:\/\/www.domainecadignac.com\/wp-content\/uploads\/2024\/03\/IMG_2294-600x400.jpeg 600w, https:\/\/www.domainecadignac.com\/wp-content\/uploads\/2024\/03\/IMG_2294-24x16.jpeg 24w, https:\/\/www.domainecadignac.com\/wp-content\/uploads\/2024\/03\/IMG_2294-36x24.jpeg 36w, https:\/\/www.domainecadignac.com\/wp-content\/uploads\/2024\/03\/IMG_2294-48x32.jpeg 48w\" sizes=\"auto, (max-width: 816px) 100vw, 816px\" \/><\/figure>\n\n<p><\/p>\n\n<h2 class=\"wp-block-heading\" style=\"font-size:18px;font-style:normal;font-weight:400;text-transform:lowercase\">Zutaten:<\/h2>\n\n<p>500 g Kirschen, gewaschen und entkernt<br\/>100 ml Wasser<br\/>100 ml Rotwein<br\/> 25 ml Port<br\/> 1 EL Zucker<br\/> 1 EL Kirschmarmelade<br\/> Zimtstange (1)<br\/> St\u00fcck Zitronenschale (1)<br\/> etwas Salz und frisch gemahlener schwarzer Pfeffer<br\/> etwas Zitronensaft nach Geschmack<\/p>\n\n<h2 class=\"wp-block-heading\" style=\"font-size:18px;font-style:normal;font-weight:400;text-transform:lowercase\">Vorbereitung:<\/h2>\n\n<p>Geben Sie die Kirschen zusammen mit allen anderen Zutaten au\u00dfer Salz, Pfeffer und Zitronensaft in eine Pfanne. Zum Kochen bringen und f\u00fcnf bis sechs Minuten k\u00f6cheln lassen. <\/p>\n\n<p>Den Topf vom Herd nehmen, Zimtstange und Zitronenschale entfernen und die Suppe mit einem Stabmixer oder P\u00fcrierstab glatt p\u00fcrieren. Die Fl\u00fcssigkeit durch ein feines Sieb passieren. <\/p>\n\n<p>Auf lauwarm abk\u00fchlen lassen oder alternativ die Suppe im K\u00fchlschrank sch\u00f6n kalt werden lassen.<\/p>\n\n<p>Kurz vor dem Servieren abschmecken und mit Salz, Pfeffer und einem Schuss Zitronensaft abschmecken.<\/p>\n","protected":false},"excerpt":{"rendered":"<p>fr\u00fchling Der Fr\u00fchlingszauber ist in der Provence angekommen! Vogelgezwitscher erf\u00fcllt die Luft, Weinreben erwachen mit einem leuchtend gr\u00fcnen Glanz, und wenn Sie genau hinschauen, lugen bereits winzige Weintrauben aus den Zweigen hervor. Die Olivenb\u00e4ume sind&hellip; <a href=\"https:\/\/www.domainecadignac.com\/de\/ein-urlaub-in-der-sonne-im-juli\/\">Mehr<\/a><\/p>\n","protected":false},"author":2,"featured_media":0,"comment_status":"open","ping_status":"open","sticky":false,"template":"","format":"standard","meta":{"footnotes":""},"categories":[70],"tags":[],"class_list":["post-3331","post","type-post","status-publish","format-standard","hentry","category-geen-categorie-de"],"yoast_head":"<!-- This site is optimized with the Yoast SEO plugin v27.5 - https:\/\/yoast.com\/product\/yoast-seo-wordpress\/ -->\n<title>Der Fr\u00fchling erwacht in der Provence<\/title>\n<meta name=\"description\" content=\"Der Fr\u00fchling erwacht in der Provence, ein Urlaub im Sommer im Juli. Im Laufe der Saison erwacht das kulturelle Herz der Provence zum Leben.\" \/>\n<meta name=\"robots\" content=\"index, follow, max-snippet:-1, max-image-preview:large, max-video-preview:-1\" \/>\n<link rel=\"canonical\" href=\"https:\/\/www.domainecadignac.com\/de\/ein-urlaub-in-der-sonne-im-juli\/\" \/>\n<meta property=\"og:locale\" content=\"de_DE\" \/>\n<meta property=\"og:type\" content=\"article\" \/>\n<meta property=\"og:title\" content=\"Der Fr\u00fchling erwacht in der Provence\" \/>\n<meta property=\"og:description\" content=\"Der Fr\u00fchling erwacht in der Provence, ein Urlaub im Sommer im Juli. Im Laufe der Saison erwacht das kulturelle Herz der Provence zum Leben.\" \/>\n<meta property=\"og:url\" content=\"https:\/\/www.domainecadignac.com\/de\/ein-urlaub-in-der-sonne-im-juli\/\" \/>\n<meta property=\"article:publisher\" content=\"https:\/\/facebook.com\/domainecadignac\" \/>\n<meta property=\"article:published_time\" content=\"2023-05-08T06:22:58+00:00\" \/>\n<meta property=\"article:modified_time\" content=\"2024-05-07T08:21:55+00:00\" \/>\n<meta property=\"og:image\" content=\"https:\/\/domainecadignacgites.files.wordpress.com\/2023\/05\/img_1728-1.jpg?w=1024\" \/>\n<meta name=\"author\" content=\"leonardesther\" \/>\n<meta name=\"twitter:card\" content=\"summary_large_image\" \/>\n<meta name=\"twitter:label1\" content=\"Verfasst von\" \/>\n\t<meta name=\"twitter:data1\" content=\"leonardesther\" \/>\n\t<meta name=\"twitter:label2\" content=\"Gesch\u00e4tzte Lesezeit\" \/>\n\t<meta name=\"twitter:data2\" content=\"2\u00a0Minuten\" \/>\n<script type=\"application\/ld+json\" class=\"yoast-schema-graph\">{\"@context\":\"https:\\\/\\\/schema.org\",\"@graph\":[{\"@type\":\"Article\",\"@id\":\"https:\\\/\\\/www.domainecadignac.com\\\/de\\\/ein-urlaub-in-der-sonne-im-juli\\\/#article\",\"isPartOf\":{\"@id\":\"https:\\\/\\\/www.domainecadignac.com\\\/de\\\/ein-urlaub-in-der-sonne-im-juli\\\/\"},\"author\":{\"name\":\"leonardesther\",\"@id\":\"https:\\\/\\\/www.domainecadignac.com\\\/de\\\/#\\\/schema\\\/person\\\/a60a476ac86c1e446059d3e9e5ce2bc2\"},\"headline\":\"IN DER PROVENCE ERWACHT DER FR\u00dcHLING\",\"datePublished\":\"2023-05-08T06:22:58+00:00\",\"dateModified\":\"2024-05-07T08:21:55+00:00\",\"mainEntityOfPage\":{\"@id\":\"https:\\\/\\\/www.domainecadignac.com\\\/de\\\/ein-urlaub-in-der-sonne-im-juli\\\/\"},\"wordCount\":408,\"commentCount\":0,\"publisher\":{\"@id\":\"https:\\\/\\\/www.domainecadignac.com\\\/de\\\/#organization\"},\"image\":{\"@id\":\"https:\\\/\\\/www.domainecadignac.com\\\/de\\\/ein-urlaub-in-der-sonne-im-juli\\\/#primaryimage\"},\"thumbnailUrl\":\"https:\\\/\\\/domainecadignacgites.files.wordpress.com\\\/2023\\\/05\\\/img_1728-1.jpg?w=1024\",\"articleSection\":[\"Geen categorie\"],\"inLanguage\":\"de\",\"potentialAction\":[{\"@type\":\"CommentAction\",\"name\":\"Comment\",\"target\":[\"https:\\\/\\\/www.domainecadignac.com\\\/de\\\/ein-urlaub-in-der-sonne-im-juli\\\/#respond\"]}]},{\"@type\":\"WebPage\",\"@id\":\"https:\\\/\\\/www.domainecadignac.com\\\/de\\\/ein-urlaub-in-der-sonne-im-juli\\\/\",\"url\":\"https:\\\/\\\/www.domainecadignac.com\\\/de\\\/ein-urlaub-in-der-sonne-im-juli\\\/\",\"name\":\"Der Fr\u00fchling erwacht in der Provence\",\"isPartOf\":{\"@id\":\"https:\\\/\\\/www.domainecadignac.com\\\/de\\\/#website\"},\"primaryImageOfPage\":{\"@id\":\"https:\\\/\\\/www.domainecadignac.com\\\/de\\\/ein-urlaub-in-der-sonne-im-juli\\\/#primaryimage\"},\"image\":{\"@id\":\"https:\\\/\\\/www.domainecadignac.com\\\/de\\\/ein-urlaub-in-der-sonne-im-juli\\\/#primaryimage\"},\"thumbnailUrl\":\"https:\\\/\\\/domainecadignacgites.files.wordpress.com\\\/2023\\\/05\\\/img_1728-1.jpg?w=1024\",\"datePublished\":\"2023-05-08T06:22:58+00:00\",\"dateModified\":\"2024-05-07T08:21:55+00:00\",\"description\":\"Der Fr\u00fchling erwacht in der Provence, ein Urlaub im Sommer im Juli. Im Laufe der Saison erwacht das kulturelle Herz der Provence zum Leben.\",\"breadcrumb\":{\"@id\":\"https:\\\/\\\/www.domainecadignac.com\\\/de\\\/ein-urlaub-in-der-sonne-im-juli\\\/#breadcrumb\"},\"inLanguage\":\"de\",\"potentialAction\":[{\"@type\":\"ReadAction\",\"target\":[\"https:\\\/\\\/www.domainecadignac.com\\\/de\\\/ein-urlaub-in-der-sonne-im-juli\\\/\"]}]},{\"@type\":\"ImageObject\",\"inLanguage\":\"de\",\"@id\":\"https:\\\/\\\/www.domainecadignac.com\\\/de\\\/ein-urlaub-in-der-sonne-im-juli\\\/#primaryimage\",\"url\":\"https:\\\/\\\/domainecadignacgites.files.wordpress.com\\\/2023\\\/05\\\/img_1728-1.jpg?w=1024\",\"contentUrl\":\"https:\\\/\\\/domainecadignacgites.files.wordpress.com\\\/2023\\\/05\\\/img_1728-1.jpg?w=1024\"},{\"@type\":\"BreadcrumbList\",\"@id\":\"https:\\\/\\\/www.domainecadignac.com\\\/de\\\/ein-urlaub-in-der-sonne-im-juli\\\/#breadcrumb\",\"itemListElement\":[{\"@type\":\"ListItem\",\"position\":1,\"name\":\"Home\",\"item\":\"https:\\\/\\\/www.domainecadignac.com\\\/de\\\/\"},{\"@type\":\"ListItem\",\"position\":2,\"name\":\"IN DER PROVENCE ERWACHT DER FR\u00dcHLING\"}]},{\"@type\":\"WebSite\",\"@id\":\"https:\\\/\\\/www.domainecadignac.com\\\/de\\\/#website\",\"url\":\"https:\\\/\\\/www.domainecadignac.com\\\/de\\\/\",\"name\":\"vakantiehuizen in de Provence\",\"description\":\"Ferienhaus mit Pool in der Provence, in der N\u00e4he von Avignon &amp; Uz\u00e8s\",\"publisher\":{\"@id\":\"https:\\\/\\\/www.domainecadignac.com\\\/de\\\/#organization\"},\"potentialAction\":[{\"@type\":\"SearchAction\",\"target\":{\"@type\":\"EntryPoint\",\"urlTemplate\":\"https:\\\/\\\/www.domainecadignac.com\\\/de\\\/?s={search_term_string}\"},\"query-input\":{\"@type\":\"PropertyValueSpecification\",\"valueRequired\":true,\"valueName\":\"search_term_string\"}}],\"inLanguage\":\"de\"},{\"@type\":\"Organization\",\"@id\":\"https:\\\/\\\/www.domainecadignac.com\\\/de\\\/#organization\",\"name\":\"Domaine Cadignac - maison d\u2019h\u00f4tes\",\"url\":\"https:\\\/\\\/www.domainecadignac.com\\\/de\\\/\",\"logo\":{\"@type\":\"ImageObject\",\"inLanguage\":\"de\",\"@id\":\"https:\\\/\\\/www.domainecadignac.com\\\/de\\\/#\\\/schema\\\/logo\\\/image\\\/\",\"url\":\"https:\\\/\\\/www.domainecadignac.com\\\/wp-content\\\/uploads\\\/2024\\\/02\\\/IMG_2225.jpeg\",\"contentUrl\":\"https:\\\/\\\/www.domainecadignac.com\\\/wp-content\\\/uploads\\\/2024\\\/02\\\/IMG_2225.jpeg\",\"width\":1326,\"height\":816,\"caption\":\"Domaine Cadignac - maison d\u2019h\u00f4tes\"},\"image\":{\"@id\":\"https:\\\/\\\/www.domainecadignac.com\\\/de\\\/#\\\/schema\\\/logo\\\/image\\\/\"},\"sameAs\":[\"https:\\\/\\\/facebook.com\\\/domainecadignac\",\"https:\\\/\\\/instagram.com\\\/domainecadignac\"]},{\"@type\":\"Person\",\"@id\":\"https:\\\/\\\/www.domainecadignac.com\\\/de\\\/#\\\/schema\\\/person\\\/a60a476ac86c1e446059d3e9e5ce2bc2\",\"name\":\"leonardesther\",\"image\":{\"@type\":\"ImageObject\",\"inLanguage\":\"de\",\"@id\":\"https:\\\/\\\/secure.gravatar.com\\\/avatar\\\/ea34521714616b9834e6b2e12aee987ddd24a57aa3b2230cb91577c7a8c5c204?s=96&d=mm&r=g\",\"url\":\"https:\\\/\\\/secure.gravatar.com\\\/avatar\\\/ea34521714616b9834e6b2e12aee987ddd24a57aa3b2230cb91577c7a8c5c204?s=96&d=mm&r=g\",\"contentUrl\":\"https:\\\/\\\/secure.gravatar.com\\\/avatar\\\/ea34521714616b9834e6b2e12aee987ddd24a57aa3b2230cb91577c7a8c5c204?s=96&d=mm&r=g\",\"caption\":\"leonardesther\"},\"url\":\"https:\\\/\\\/www.domainecadignac.com\\\/de\\\/author\\\/leonardesther\\\/\"}]}<\/script>\n<!-- \/ Yoast SEO plugin. -->","yoast_head_json":{"title":"Der Fr\u00fchling erwacht in der Provence","description":"Der Fr\u00fchling erwacht in der Provence, ein Urlaub im Sommer im Juli. Im Laufe der Saison erwacht das kulturelle Herz der Provence zum Leben.","robots":{"index":"index","follow":"follow","max-snippet":"max-snippet:-1","max-image-preview":"max-image-preview:large","max-video-preview":"max-video-preview:-1"},"canonical":"https:\/\/www.domainecadignac.com\/de\/ein-urlaub-in-der-sonne-im-juli\/","og_locale":"de_DE","og_type":"article","og_title":"Der Fr\u00fchling erwacht in der Provence","og_description":"Der Fr\u00fchling erwacht in der Provence, ein Urlaub im Sommer im Juli. Im Laufe der Saison erwacht das kulturelle Herz der Provence zum Leben.","og_url":"https:\/\/www.domainecadignac.com\/de\/ein-urlaub-in-der-sonne-im-juli\/","article_publisher":"https:\/\/facebook.com\/domainecadignac","article_published_time":"2023-05-08T06:22:58+00:00","article_modified_time":"2024-05-07T08:21:55+00:00","og_image":[{"url":"https:\/\/domainecadignacgites.files.wordpress.com\/2023\/05\/img_1728-1.jpg?w=1024","type":"","width":"","height":""}],"author":"leonardesther","twitter_card":"summary_large_image","twitter_misc":{"Verfasst von":"leonardesther","Gesch\u00e4tzte Lesezeit":"2\u00a0Minuten"},"schema":{"@context":"https:\/\/schema.org","@graph":[{"@type":"Article","@id":"https:\/\/www.domainecadignac.com\/de\/ein-urlaub-in-der-sonne-im-juli\/#article","isPartOf":{"@id":"https:\/\/www.domainecadignac.com\/de\/ein-urlaub-in-der-sonne-im-juli\/"},"author":{"name":"leonardesther","@id":"https:\/\/www.domainecadignac.com\/de\/#\/schema\/person\/a60a476ac86c1e446059d3e9e5ce2bc2"},"headline":"IN DER PROVENCE ERWACHT DER FR\u00dcHLING","datePublished":"2023-05-08T06:22:58+00:00","dateModified":"2024-05-07T08:21:55+00:00","mainEntityOfPage":{"@id":"https:\/\/www.domainecadignac.com\/de\/ein-urlaub-in-der-sonne-im-juli\/"},"wordCount":408,"commentCount":0,"publisher":{"@id":"https:\/\/www.domainecadignac.com\/de\/#organization"},"image":{"@id":"https:\/\/www.domainecadignac.com\/de\/ein-urlaub-in-der-sonne-im-juli\/#primaryimage"},"thumbnailUrl":"https:\/\/domainecadignacgites.files.wordpress.com\/2023\/05\/img_1728-1.jpg?w=1024","articleSection":["Geen categorie"],"inLanguage":"de","potentialAction":[{"@type":"CommentAction","name":"Comment","target":["https:\/\/www.domainecadignac.com\/de\/ein-urlaub-in-der-sonne-im-juli\/#respond"]}]},{"@type":"WebPage","@id":"https:\/\/www.domainecadignac.com\/de\/ein-urlaub-in-der-sonne-im-juli\/","url":"https:\/\/www.domainecadignac.com\/de\/ein-urlaub-in-der-sonne-im-juli\/","name":"Der Fr\u00fchling erwacht in der Provence","isPartOf":{"@id":"https:\/\/www.domainecadignac.com\/de\/#website"},"primaryImageOfPage":{"@id":"https:\/\/www.domainecadignac.com\/de\/ein-urlaub-in-der-sonne-im-juli\/#primaryimage"},"image":{"@id":"https:\/\/www.domainecadignac.com\/de\/ein-urlaub-in-der-sonne-im-juli\/#primaryimage"},"thumbnailUrl":"https:\/\/domainecadignacgites.files.wordpress.com\/2023\/05\/img_1728-1.jpg?w=1024","datePublished":"2023-05-08T06:22:58+00:00","dateModified":"2024-05-07T08:21:55+00:00","description":"Der Fr\u00fchling erwacht in der Provence, ein Urlaub im Sommer im Juli. Im Laufe der Saison erwacht das kulturelle Herz der Provence zum Leben.","breadcrumb":{"@id":"https:\/\/www.domainecadignac.com\/de\/ein-urlaub-in-der-sonne-im-juli\/#breadcrumb"},"inLanguage":"de","potentialAction":[{"@type":"ReadAction","target":["https:\/\/www.domainecadignac.com\/de\/ein-urlaub-in-der-sonne-im-juli\/"]}]},{"@type":"ImageObject","inLanguage":"de","@id":"https:\/\/www.domainecadignac.com\/de\/ein-urlaub-in-der-sonne-im-juli\/#primaryimage","url":"https:\/\/domainecadignacgites.files.wordpress.com\/2023\/05\/img_1728-1.jpg?w=1024","contentUrl":"https:\/\/domainecadignacgites.files.wordpress.com\/2023\/05\/img_1728-1.jpg?w=1024"},{"@type":"BreadcrumbList","@id":"https:\/\/www.domainecadignac.com\/de\/ein-urlaub-in-der-sonne-im-juli\/#breadcrumb","itemListElement":[{"@type":"ListItem","position":1,"name":"Home","item":"https:\/\/www.domainecadignac.com\/de\/"},{"@type":"ListItem","position":2,"name":"IN DER PROVENCE ERWACHT DER FR\u00dcHLING"}]},{"@type":"WebSite","@id":"https:\/\/www.domainecadignac.com\/de\/#website","url":"https:\/\/www.domainecadignac.com\/de\/","name":"vakantiehuizen in de Provence","description":"Ferienhaus mit Pool in der Provence, in der N\u00e4he von Avignon &amp; Uz\u00e8s","publisher":{"@id":"https:\/\/www.domainecadignac.com\/de\/#organization"},"potentialAction":[{"@type":"SearchAction","target":{"@type":"EntryPoint","urlTemplate":"https:\/\/www.domainecadignac.com\/de\/?s={search_term_string}"},"query-input":{"@type":"PropertyValueSpecification","valueRequired":true,"valueName":"search_term_string"}}],"inLanguage":"de"},{"@type":"Organization","@id":"https:\/\/www.domainecadignac.com\/de\/#organization","name":"Domaine Cadignac - maison d\u2019h\u00f4tes","url":"https:\/\/www.domainecadignac.com\/de\/","logo":{"@type":"ImageObject","inLanguage":"de","@id":"https:\/\/www.domainecadignac.com\/de\/#\/schema\/logo\/image\/","url":"https:\/\/www.domainecadignac.com\/wp-content\/uploads\/2024\/02\/IMG_2225.jpeg","contentUrl":"https:\/\/www.domainecadignac.com\/wp-content\/uploads\/2024\/02\/IMG_2225.jpeg","width":1326,"height":816,"caption":"Domaine Cadignac - maison d\u2019h\u00f4tes"},"image":{"@id":"https:\/\/www.domainecadignac.com\/de\/#\/schema\/logo\/image\/"},"sameAs":["https:\/\/facebook.com\/domainecadignac","https:\/\/instagram.com\/domainecadignac"]},{"@type":"Person","@id":"https:\/\/www.domainecadignac.com\/de\/#\/schema\/person\/a60a476ac86c1e446059d3e9e5ce2bc2","name":"leonardesther","image":{"@type":"ImageObject","inLanguage":"de","@id":"https:\/\/secure.gravatar.com\/avatar\/ea34521714616b9834e6b2e12aee987ddd24a57aa3b2230cb91577c7a8c5c204?s=96&d=mm&r=g","url":"https:\/\/secure.gravatar.com\/avatar\/ea34521714616b9834e6b2e12aee987ddd24a57aa3b2230cb91577c7a8c5c204?s=96&d=mm&r=g","contentUrl":"https:\/\/secure.gravatar.com\/avatar\/ea34521714616b9834e6b2e12aee987ddd24a57aa3b2230cb91577c7a8c5c204?s=96&d=mm&r=g","caption":"leonardesther"},"url":"https:\/\/www.domainecadignac.com\/de\/author\/leonardesther\/"}]}},"jetpack_featured_media_url":"","_links":{"self":[{"href":"https:\/\/www.domainecadignac.com\/de\/wp-json\/wp\/v2\/posts\/3331","targetHints":{"allow":["GET"]}}],"collection":[{"href":"https:\/\/www.domainecadignac.com\/de\/wp-json\/wp\/v2\/posts"}],"about":[{"href":"https:\/\/www.domainecadignac.com\/de\/wp-json\/wp\/v2\/types\/post"}],"author":[{"embeddable":true,"href":"https:\/\/www.domainecadignac.com\/de\/wp-json\/wp\/v2\/users\/2"}],"replies":[{"embeddable":true,"href":"https:\/\/www.domainecadignac.com\/de\/wp-json\/wp\/v2\/comments?post=3331"}],"version-history":[{"count":4,"href":"https:\/\/www.domainecadignac.com\/de\/wp-json\/wp\/v2\/posts\/3331\/revisions"}],"predecessor-version":[{"id":6104,"href":"https:\/\/www.domainecadignac.com\/de\/wp-json\/wp\/v2\/posts\/3331\/revisions\/6104"}],"wp:attachment":[{"href":"https:\/\/www.domainecadignac.com\/de\/wp-json\/wp\/v2\/media?parent=3331"}],"wp:term":[{"taxonomy":"category","embeddable":true,"href":"https:\/\/www.domainecadignac.com\/de\/wp-json\/wp\/v2\/categories?post=3331"},{"taxonomy":"post_tag","embeddable":true,"href":"https:\/\/www.domainecadignac.com\/de\/wp-json\/wp\/v2\/tags?post=3331"}],"curies":[{"name":"wp","href":"https:\/\/api.w.org\/{rel}","templated":true}]}}