{"id":3321,"date":"2021-03-31T07:37:46","date_gmt":"2021-03-31T06:37:46","guid":{"rendered":"http:\/\/role1618.odns.fr\/la-verite-chapitre-2\/"},"modified":"2024-03-20T20:29:36","modified_gmt":"2024-03-20T19:29:36","slug":"la-verite-chapitre-2","status":"publish","type":"post","link":"https:\/\/www.domainecadignac.com\/fr\/la-verite-chapitre-2\/","title":{"rendered":"LA V\u00c9RIT\u00c9 &#8211; CHAPITRE 2"},"content":{"rendered":"\n<h1 class=\"wp-block-heading\" style=\"font-size:18px;font-style:normal;font-weight:500;text-transform:uppercase\">nouveau d\u00e9fi<\/h1>\n\n<p>Apr\u00e8s presque 21 ans de possession du mas d&rsquo;Ol\u00e9andre \u00e0 Saint M\u00e9diers, nous \u00e9tions pr\u00eats \u00e0 relever un nouveau d\u00e9fi. Nous avons commenc\u00e9 avec un blog qui s&rsquo;appelait la V\u00e9rit\u00e9 et maintenant nous continuons un nouveau blog appel\u00e9 la V\u00e9rit\u00e9 &#8211; chapitre 2. <\/p>\n\n<p>Depuis le 1er juin 2022, nous sommes les fiers propri\u00e9taires d&rsquo;un petit domaine viticole ancien (mais plus utilis\u00e9 comme tel). Auquel nous avons donn\u00e9 le nom: <a href=\"\">domaine Cadignac &#8211; maison d&rsquo;h\u00f4tes<\/a>.  Nous avons pass\u00e9 9 mois \u00e0 r\u00e9nover \u00e0 plein r\u00e9gime. En collaboration avec un entrepreneur, un plombier et un \u00e9lectricien pour le mettre \u00e0 notre go\u00fbt. Et on peut vous dire que cela n\u2019a pas toujours \u00e9t\u00e9 facile. Mais nous y sommes parvenus, le 4 juin 2022 nous pourrions accueillir nos premiers invit\u00e9s de la saison.   <\/p>\n\n<p>Nous avons cr\u00e9\u00e9 2 g\u00eetes et une maison m\u00e8re pour nous-m\u00eames et, bien s\u00fbr, pour nos 2 chiens et nos 2 chats.<\/p>\n\n<p>Si nous avons piqu\u00e9 votre curiosit\u00e9 et si vous voulez \u00eatre tenu au courant des hauts et des bas de la vie dans la douce France, abonnez-vous \u00e0 notre blog.<\/p>\n\n<p>Nous serions ravis de partager ce bel endroit avec vous. Et qui sait, peut-\u00eatre pourrons-nous vous accueillir dans notre nouveau domaine cette ann\u00e9e. <\/p>\n\n<p>\u00e0 bient\u00f4t, Leonard &amp; Esther<br\/>Jochem, Jessie, Puccini &amp; Chipie<\/p>\n\n<p><\/p>\n\n<figure class=\"wp-block-gallery has-nested-images columns-default is-cropped wp-block-gallery-2 is-layout-flex wp-block-gallery-is-layout-flex\">\n<figure class=\"wp-block-image size-large\"><img decoding=\"async\" data-id=\"537\" src=\"https:\/\/domainecadignacgites.files.wordpress.com\/2021\/03\/img_4200-1.jpg?w=1024\" alt=\"\" class=\"wp-image-537\"\/><\/figure>\n\n\n\n<figure class=\"wp-block-image size-large\"><img decoding=\"async\" data-id=\"539\" src=\"https:\/\/domainecadignacgites.files.wordpress.com\/2021\/03\/img_4240.jpg?w=768\" alt=\"\" class=\"wp-image-539\"\/><\/figure>\n\n\n\n<figure class=\"wp-block-image size-large\"><img decoding=\"async\" data-id=\"540\" src=\"https:\/\/domainecadignacgites.files.wordpress.com\/2021\/03\/miu-2.jpg?w=1024\" alt=\"La v&#xE9;rit&#xE9; - un nouveau chapitre de notre vie : domaine Cadignac - maison d'h&#xF4;tes.\" class=\"wp-image-540\"\/><\/figure>\n<\/figure>\n<div class=\"bdpp-wrap bdpp-lite bdpp-post-grid-wrap bdpp-post-data-wrap bdpp-design-1 bdpp-grid-2  bdpp-clearfix\" id=\"bdpp-post-grid-1\">\r\n\t<div class=\"bdpp-post-grid-inr-wrap bdpp-post-data-inr-wrap bdpp-clearfix\"><div class=\"bdpp-post-grid bdpp-col-2 bdpp-columns bdpp-post-7152 bdpp-post-standard bdpp-first bdpp-has-thumb\">\r\n\t<div class=\"bdpp-post-grid-content\">\r\n\t\t\t\t<div class=\"bdpp-post-img-bg\">\r\n\t\t\t<a href=\"https:\/\/www.domainecadignac.com\/fr\/lor-liquide-de-lhuile-dolive\/\">\r\n\t\t\t\t<img decoding=\"async\" src=\"https:\/\/www.domainecadignac.com\/wp-content\/uploads\/2024\/05\/IMG_2166-1-1024x683.jpeg\" class=\"bdpp-img bdpp-post-feat-img\" alt=\"L&rsquo;OR LIQUIDE DE L&rsquo;HUILE D&rsquo;OLIVE\" \/>\r\n\t\t\t\t\t\t\t<\/a>\r\n\t\t<\/div>\r\n\t\t\r\n\t\t<h2 class=\"bdpp-post-title\">\r\n\t\t\t<a href=\"https:\/\/www.domainecadignac.com\/fr\/lor-liquide-de-lhuile-dolive\/\">L&rsquo;OR LIQUIDE DE L&rsquo;HUILE D&rsquo;OLIVE<\/a>\r\n\t\t<\/h2>\r\n\r\n\t\t\t\t<div class=\"bdpp-post-meta bdpp-post-meta-up\">\r\n\t\t\t<span class=\"bdpp-post-meta-data bdpp-post-date\"><i class=\"bdpp-fa fa-regular fa-clock\"><\/i>17 janvier 2025<\/span>\t\t<\/div>\r\n\t\t\t\t<div class=\"bdpp-post-content\">\r\n\t\t\t<div class=\"bdpp-post-desc\">L&#39;OR LIQUIDE DE NOTRE PROPRE OLIVERAIE AU DOMAINE CADIGNAC Au domaine Cadignac, entour\u00e9s par la belle nature de Tresques, se...<\/div>\r\n\t\t\t\t\t\t<a href=\"https:\/\/www.domainecadignac.com\/fr\/lor-liquide-de-lhuile-dolive\/\" class=\"bdpp-rdmr-btn\">Lire la suite<\/a>\r\n\t\t\t\t\t<\/div>\r\n\t\t\t<\/div>\r\n<\/div><div class=\"bdpp-post-grid bdpp-col-2 bdpp-columns bdpp-post-6701 bdpp-post-standard bdpp-has-thumb\">\r\n\t<div class=\"bdpp-post-grid-content\">\r\n\t\t\t\t<div class=\"bdpp-post-img-bg\">\r\n\t\t\t<a href=\"https:\/\/www.domainecadignac.com\/fr\/festival-de-nimes\/\">\r\n\t\t\t\t<img decoding=\"async\" src=\"https:\/\/www.domainecadignac.com\/wp-content\/uploads\/2024\/05\/Foto-06-05-2024-om-15.28-1024x654.jpeg\" class=\"bdpp-img bdpp-post-feat-img\" alt=\"FESTIVAL DE N\u00ceMES\" \/>\r\n\t\t\t\t\t\t\t<\/a>\r\n\t\t<\/div>\r\n\t\t\r\n\t\t<h2 class=\"bdpp-post-title\">\r\n\t\t\t<a href=\"https:\/\/www.domainecadignac.com\/fr\/festival-de-nimes\/\">FESTIVAL DE N\u00ceMES<\/a>\r\n\t\t<\/h2>\r\n\r\n\t\t\t\t<div class=\"bdpp-post-meta bdpp-post-meta-up\">\r\n\t\t\t<span class=\"bdpp-post-meta-data bdpp-post-date\"><i class=\"bdpp-fa fa-regular fa-clock\"><\/i>8 mai 2024<\/span>\t\t<\/div>\r\n\t\t\t\t<div class=\"bdpp-post-content\">\r\n\t\t\t<div class=\"bdpp-post-desc\">Musique, Histoire et plus dans le sud de la France L&#39;\u00e9t\u00e9 dans le sud de la France, c&#39;est le soleil,...<\/div>\r\n\t\t\t\t\t\t<a href=\"https:\/\/www.domainecadignac.com\/fr\/festival-de-nimes\/\" class=\"bdpp-rdmr-btn\">Lire la suite<\/a>\r\n\t\t\t\t\t<\/div>\r\n\t\t\t<\/div>\r\n<\/div><div class=\"bdpp-post-grid bdpp-col-2 bdpp-columns bdpp-post-6409 bdpp-post-standard bdpp-first bdpp-has-thumb\">\r\n\t<div class=\"bdpp-post-grid-content\">\r\n\t\t\t\t<div class=\"bdpp-post-img-bg\">\r\n\t\t\t<a href=\"https:\/\/www.domainecadignac.com\/fr\/quel-temps-est-en-provence\/\">\r\n\t\t\t\t<img decoding=\"async\" src=\"https:\/\/www.domainecadignac.com\/wp-content\/uploads\/2024\/03\/IMG_1966-1024x683.jpeg\" class=\"bdpp-img bdpp-post-feat-img\" alt=\"QUEL TEMPS EST EN PROVENCE\" \/>\r\n\t\t\t\t\t\t\t<\/a>\r\n\t\t<\/div>\r\n\t\t\r\n\t\t<h2 class=\"bdpp-post-title\">\r\n\t\t\t<a href=\"https:\/\/www.domainecadignac.com\/fr\/quel-temps-est-en-provence\/\">QUEL TEMPS EST EN PROVENCE<\/a>\r\n\t\t<\/h2>\r\n\r\n\t\t\t\t<div class=\"bdpp-post-meta bdpp-post-meta-up\">\r\n\t\t\t<span class=\"bdpp-post-meta-data bdpp-post-date\"><i class=\"bdpp-fa fa-regular fa-clock\"><\/i>25 mars 2024<\/span>\t\t<\/div>\r\n\t\t\t\t<div class=\"bdpp-post-content\">\r\n\t\t\t<div class=\"bdpp-post-desc\">QUATRE SAISONS Le temps en Provence et surtout ici dans le Gard, est variable et offre toute l&#39;ann\u00e9e un magnifique...<\/div>\r\n\t\t\t\t\t\t<a href=\"https:\/\/www.domainecadignac.com\/fr\/quel-temps-est-en-provence\/\" class=\"bdpp-rdmr-btn\">Lire la suite<\/a>\r\n\t\t\t\t\t<\/div>\r\n\t\t\t<\/div>\r\n<\/div><div class=\"bdpp-post-grid bdpp-col-2 bdpp-columns bdpp-post-5102 bdpp-post-standard bdpp-has-thumb\">\r\n\t<div class=\"bdpp-post-grid-content\">\r\n\t\t\t\t<div class=\"bdpp-post-img-bg\">\r\n\t\t\t<a href=\"https:\/\/www.domainecadignac.com\/fr\/cite-romaine-de-lorange-en-provence\/\">\r\n\t\t\t\t<img decoding=\"async\" src=\"https:\/\/www.domainecadignac.com\/wp-content\/uploads\/2024\/02\/IMG_2277.jpeg\" class=\"bdpp-img bdpp-post-feat-img\" alt=\"CIT\u00c9 ROMAINE DE L&rsquo;ORANGE EN PROVENCE\" \/>\r\n\t\t\t\t\t\t\t<\/a>\r\n\t\t<\/div>\r\n\t\t\r\n\t\t<h2 class=\"bdpp-post-title\">\r\n\t\t\t<a href=\"https:\/\/www.domainecadignac.com\/fr\/cite-romaine-de-lorange-en-provence\/\">CIT\u00c9 ROMAINE DE L&rsquo;ORANGE EN PROVENCE<\/a>\r\n\t\t<\/h2>\r\n\r\n\t\t\t\t<div class=\"bdpp-post-meta bdpp-post-meta-up\">\r\n\t\t\t<span class=\"bdpp-post-meta-data bdpp-post-date\"><i class=\"bdpp-fa fa-regular fa-clock\"><\/i>28 f\u00e9vrier 2024<\/span>\t\t<\/div>\r\n\t\t\t\t<div class=\"bdpp-post-content\">\r\n\t\t\t<div class=\"bdpp-post-desc\">Avec son histoire riche et ses sites historiques, Orange, ville romaine de Provence, est une destination incontournable pour les amateurs...<\/div>\r\n\t\t\t\t\t\t<a href=\"https:\/\/www.domainecadignac.com\/fr\/cite-romaine-de-lorange-en-provence\/\" class=\"bdpp-rdmr-btn\">Lire la suite<\/a>\r\n\t\t\t\t\t<\/div>\r\n\t\t\t<\/div>\r\n<\/div><div class=\"bdpp-post-grid bdpp-col-2 bdpp-columns bdpp-post-3788 bdpp-post-standard bdpp-first bdpp-has-thumb\">\r\n\t<div class=\"bdpp-post-grid-content\">\r\n\t\t\t\t<div class=\"bdpp-post-img-bg\">\r\n\t\t\t<a href=\"https:\/\/www.domainecadignac.com\/fr\/saint-victor-la-coste\/\">\r\n\t\t\t\t<img decoding=\"async\" src=\"https:\/\/www.domainecadignac.com\/wp-content\/uploads\/2024\/01\/IMG_9593-1-768x1024.jpeg\" class=\"bdpp-img bdpp-post-feat-img\" alt=\"SAINT VICTOR LA COSTE\" \/>\r\n\t\t\t\t\t\t\t<\/a>\r\n\t\t<\/div>\r\n\t\t\r\n\t\t<h2 class=\"bdpp-post-title\">\r\n\t\t\t<a href=\"https:\/\/www.domainecadignac.com\/fr\/saint-victor-la-coste\/\">SAINT VICTOR LA COSTE<\/a>\r\n\t\t<\/h2>\r\n\r\n\t\t\t\t<div class=\"bdpp-post-meta bdpp-post-meta-up\">\r\n\t\t\t<span class=\"bdpp-post-meta-data bdpp-post-date\"><i class=\"bdpp-fa fa-regular fa-clock\"><\/i>26 janvier 2024<\/span>\t\t<\/div>\r\n\t\t\t\t<div class=\"bdpp-post-content\">\r\n\t\t\t<div class=\"bdpp-post-desc\">Bienvenue dans la belle ville de Saint Victor la Coste (\u00e0 seulement 12 km de notre domaine). Situ\u00e9 dans le...<\/div>\r\n\t\t\t\t\t\t<a href=\"https:\/\/www.domainecadignac.com\/fr\/saint-victor-la-coste\/\" class=\"bdpp-rdmr-btn\">Lire la suite<\/a>\r\n\t\t\t\t\t<\/div>\r\n\t\t\t<\/div>\r\n<\/div><div class=\"bdpp-post-grid bdpp-col-2 bdpp-columns bdpp-post-3197 bdpp-post-standard bdpp-has-thumb\">\r\n\t<div class=\"bdpp-post-grid-content\">\r\n\t\t\t\t<div class=\"bdpp-post-img-bg\">\r\n\t\t\t<a href=\"https:\/\/www.domainecadignac.com\/fr\/noyer\/\">\r\n\t\t\t\t<img decoding=\"async\" src=\"https:\/\/domainecadignacgites.files.wordpress.com\/2023\/09\/img_2526-1.jpg?w=1024\" class=\"bdpp-img bdpp-post-feat-img\" alt=\"NOYER\" \/>\r\n\t\t\t\t\t\t\t<\/a>\r\n\t\t<\/div>\r\n\t\t\r\n\t\t<h2 class=\"bdpp-post-title\">\r\n\t\t\t<a href=\"https:\/\/www.domainecadignac.com\/fr\/noyer\/\">NOYER<\/a>\r\n\t\t<\/h2>\r\n\r\n\t\t\t\t<div class=\"bdpp-post-meta bdpp-post-meta-up\">\r\n\t\t\t<span class=\"bdpp-post-meta-data bdpp-post-date\"><i class=\"bdpp-fa fa-regular fa-clock\"><\/i>26 septembre 2023<\/span>\t\t<\/div>\r\n\t\t\t\t<div class=\"bdpp-post-content\">\r\n\t\t\t<div class=\"bdpp-post-desc\">un invit\u00e9 reconnaissant : notre g\u00e9n\u00e9reux noyer Il y a un r\u00e9sident sp\u00e9cial sur la propri\u00e9t\u00e9 juste au-del\u00e0 de notre...<\/div>\r\n\t\t\t\t\t\t<a href=\"https:\/\/www.domainecadignac.com\/fr\/noyer\/\" class=\"bdpp-rdmr-btn\">Lire la suite<\/a>\r\n\t\t\t\t\t<\/div>\r\n\t\t\t<\/div>\r\n<\/div><div class=\"bdpp-post-grid bdpp-col-2 bdpp-columns bdpp-post-3209 bdpp-post-standard bdpp-first bdpp-has-thumb\">\r\n\t<div class=\"bdpp-post-grid-content\">\r\n\t\t\t\t<div class=\"bdpp-post-img-bg\">\r\n\t\t\t<a href=\"https:\/\/www.domainecadignac.com\/fr\/temps-de-fin-dete\/\">\r\n\t\t\t\t<img decoding=\"async\" src=\"https:\/\/domainecadignacgites.files.wordpress.com\/2023\/09\/img_2467.jpg?w=1024\" class=\"bdpp-img bdpp-post-feat-img\" alt=\"METEO DE FIN D&rsquo;\u00c9T\u00c9\" \/>\r\n\t\t\t\t\t\t\t<\/a>\r\n\t\t<\/div>\r\n\t\t\r\n\t\t<h2 class=\"bdpp-post-title\">\r\n\t\t\t<a href=\"https:\/\/www.domainecadignac.com\/fr\/temps-de-fin-dete\/\">METEO DE FIN D&rsquo;\u00c9T\u00c9<\/a>\r\n\t\t<\/h2>\r\n\r\n\t\t\t\t<div class=\"bdpp-post-meta bdpp-post-meta-up\">\r\n\t\t\t<span class=\"bdpp-post-meta-data bdpp-post-date\"><i class=\"bdpp-fa fa-regular fa-clock\"><\/i>7 septembre 2023<\/span>\t\t<\/div>\r\n\t\t\t\t<div class=\"bdpp-post-content\">\r\n\t\t\t<div class=\"bdpp-post-desc\">September - enjoy the late summer weather: Sunshine and Sunflowers Les journ\u00e9es sont paresseusement longues, le soleil r\u00e9chauffe votre peau...<\/div>\r\n\t\t\t\t\t\t<a href=\"https:\/\/www.domainecadignac.com\/fr\/temps-de-fin-dete\/\" class=\"bdpp-rdmr-btn\">Lire la suite<\/a>\r\n\t\t\t\t\t<\/div>\r\n\t\t\t<\/div>\r\n<\/div><div class=\"bdpp-post-grid bdpp-col-2 bdpp-columns bdpp-post-3217 bdpp-post-standard bdpp-has-thumb\">\r\n\t<div class=\"bdpp-post-grid-content\">\r\n\t\t\t\t<div class=\"bdpp-post-img-bg\">\r\n\t\t\t<a href=\"https:\/\/www.domainecadignac.com\/fr\/antonio-vivaldi\/\">\r\n\t\t\t\t<img decoding=\"async\" src=\"https:\/\/domainecadignacgites.files.wordpress.com\/2023\/08\/img_2414.jpg?w=1024\" class=\"bdpp-img bdpp-post-feat-img\" alt=\"ANTONIO VIVALDI\" \/>\r\n\t\t\t\t\t\t\t<\/a>\r\n\t\t<\/div>\r\n\t\t\r\n\t\t<h2 class=\"bdpp-post-title\">\r\n\t\t\t<a href=\"https:\/\/www.domainecadignac.com\/fr\/antonio-vivaldi\/\">ANTONIO VIVALDI<\/a>\r\n\t\t<\/h2>\r\n\r\n\t\t\t\t<div class=\"bdpp-post-meta bdpp-post-meta-up\">\r\n\t\t\t<span class=\"bdpp-post-meta-data bdpp-post-date\"><i class=\"bdpp-fa fa-regular fa-clock\"><\/i>23 ao\u00fbt 2023<\/span>\t\t<\/div>\r\n\t\t\t\t<div class=\"bdpp-post-content\">\r\n\t\t\t<div class=\"bdpp-post-desc\">Bienvenue en Automne au Domaine Cadignac ! \u00c0 l&#39;instar du compositeur italien Antonio Vivaldi, qui a si bien captur\u00e9 les...<\/div>\r\n\t\t\t\t\t\t<a href=\"https:\/\/www.domainecadignac.com\/fr\/antonio-vivaldi\/\" class=\"bdpp-rdmr-btn\">Lire la suite<\/a>\r\n\t\t\t\t\t<\/div>\r\n\t\t\t<\/div>\r\n<\/div><div class=\"bdpp-post-grid bdpp-col-2 bdpp-columns bdpp-post-3302 bdpp-post-standard bdpp-first bdpp-has-thumb\">\r\n\t<div class=\"bdpp-post-grid-content\">\r\n\t\t\t\t<div class=\"bdpp-post-img-bg\">\r\n\t\t\t<a href=\"https:\/\/www.domainecadignac.com\/fr\/vacances-au-soleil-en-juillet\/\">\r\n\t\t\t\t<img decoding=\"async\" src=\"https:\/\/domainecadignacgites.files.wordpress.com\/2023\/05\/img_1728-1.jpg?w=1024\" class=\"bdpp-img bdpp-post-feat-img\" alt=\"LE PRINTEMPS SE R\u00c9VEILLE EN PROVENCE\" \/>\r\n\t\t\t\t\t\t\t<\/a>\r\n\t\t<\/div>\r\n\t\t\r\n\t\t<h2 class=\"bdpp-post-title\">\r\n\t\t\t<a href=\"https:\/\/www.domainecadignac.com\/fr\/vacances-au-soleil-en-juillet\/\">LE PRINTEMPS SE R\u00c9VEILLE EN PROVENCE<\/a>\r\n\t\t<\/h2>\r\n\r\n\t\t\t\t<div class=\"bdpp-post-meta bdpp-post-meta-up\">\r\n\t\t\t<span class=\"bdpp-post-meta-data bdpp-post-date\"><i class=\"bdpp-fa fa-regular fa-clock\"><\/i>8 mai 2023<\/span>\t\t<\/div>\r\n\t\t\t\t<div class=\"bdpp-post-content\">\r\n\t\t\t<div class=\"bdpp-post-desc\">Printemps La magie du printemps est arriv\u00e9e en Provence ! Le chant des oiseaux remplit l&#39;air, les vignes se r\u00e9veillent...<\/div>\r\n\t\t\t\t\t\t<a href=\"https:\/\/www.domainecadignac.com\/fr\/vacances-au-soleil-en-juillet\/\" class=\"bdpp-rdmr-btn\">Lire la suite<\/a>\r\n\t\t\t\t\t<\/div>\r\n\t\t\t<\/div>\r\n<\/div><div class=\"bdpp-post-grid bdpp-col-2 bdpp-columns bdpp-post-3305 bdpp-post-standard bdpp-has-thumb\">\r\n\t<div class=\"bdpp-post-grid-content\">\r\n\t\t\t\t<div class=\"bdpp-post-img-bg\">\r\n\t\t\t<a href=\"https:\/\/www.domainecadignac.com\/fr\/splash-autour\/\">\r\n\t\t\t\t<img decoding=\"async\" src=\"https:\/\/domainecadignacgites.files.wordpress.com\/2023\/04\/img_8489.jpg?w=1024\" class=\"bdpp-img bdpp-post-feat-img\" alt=\"SPLASH AUTOUR\" \/>\r\n\t\t\t\t\t\t\t<\/a>\r\n\t\t<\/div>\r\n\t\t\r\n\t\t<h2 class=\"bdpp-post-title\">\r\n\t\t\t<a href=\"https:\/\/www.domainecadignac.com\/fr\/splash-autour\/\">SPLASH AUTOUR<\/a>\r\n\t\t<\/h2>\r\n\r\n\t\t\t\t<div class=\"bdpp-post-meta bdpp-post-meta-up\">\r\n\t\t\t<span class=\"bdpp-post-meta-data bdpp-post-date\"><i class=\"bdpp-fa fa-regular fa-clock\"><\/i>1 avril 2023<\/span>\t\t<\/div>\r\n\t\t\t\t<div class=\"bdpp-post-content\">\r\n\t\t\t<div class=\"bdpp-post-desc\">Les plaisirs de la piscine \u00e0 votre porte: barbotez en \u00e9t\u00e9 au Domaine Cadignac ! L&#39;eau scintille au soleil, la...<\/div>\r\n\t\t\t\t\t\t<a href=\"https:\/\/www.domainecadignac.com\/fr\/splash-autour\/\" class=\"bdpp-rdmr-btn\">Lire la suite<\/a>\r\n\t\t\t\t\t<\/div>\r\n\t\t\t<\/div>\r\n<\/div><div class=\"bdpp-post-grid bdpp-col-2 bdpp-columns bdpp-post-3307 bdpp-post-standard bdpp-first bdpp-has-thumb\">\r\n\t<div class=\"bdpp-post-grid-content\">\r\n\t\t\t\t<div class=\"bdpp-post-img-bg\">\r\n\t\t\t<a href=\"https:\/\/www.domainecadignac.com\/fr\/le-printemps-est-dans-lair\/\">\r\n\t\t\t\t<img decoding=\"async\" src=\"https:\/\/domainecadignacgites.files.wordpress.com\/2023\/03\/img_3412.jpg?w=1024\" class=\"bdpp-img bdpp-post-feat-img\" alt=\"LE PRINTEMPS EST DANS L\u2019AIR\" \/>\r\n\t\t\t\t\t\t\t<\/a>\r\n\t\t<\/div>\r\n\t\t\r\n\t\t<h2 class=\"bdpp-post-title\">\r\n\t\t\t<a href=\"https:\/\/www.domainecadignac.com\/fr\/le-printemps-est-dans-lair\/\">LE PRINTEMPS EST DANS L\u2019AIR<\/a>\r\n\t\t<\/h2>\r\n\r\n\t\t\t\t<div class=\"bdpp-post-meta bdpp-post-meta-up\">\r\n\t\t\t<span class=\"bdpp-post-meta-data bdpp-post-date\"><i class=\"bdpp-fa fa-regular fa-clock\"><\/i>10 mars 2023<\/span>\t\t<\/div>\r\n\t\t\t\t<div class=\"bdpp-post-content\">\r\n\t\t\t<div class=\"bdpp-post-desc\">Le printemps est arriv\u00e9 au Domaine Cadignac ! Les signes indubitables du printemps tourbillonnent dans l\u2019air du Domaine Cadignac. Le...<\/div>\r\n\t\t\t\t\t\t<a href=\"https:\/\/www.domainecadignac.com\/fr\/le-printemps-est-dans-lair\/\" class=\"bdpp-rdmr-btn\">Lire la suite<\/a>\r\n\t\t\t\t\t<\/div>\r\n\t\t\t<\/div>\r\n<\/div><div class=\"bdpp-post-grid bdpp-col-2 bdpp-columns bdpp-post-3311 bdpp-post-standard bdpp-has-thumb\">\r\n\t<div class=\"bdpp-post-grid-content\">\r\n\t\t\t\t<div class=\"bdpp-post-img-bg\">\r\n\t\t\t<a href=\"https:\/\/www.domainecadignac.com\/fr\/le-domaine-cadignac-recouvert-dune-couche-de-neige-poudreuse\/\">\r\n\t\t\t\t<img decoding=\"async\" src=\"https:\/\/domainecadignacgites.files.wordpress.com\/2023\/02\/img_1969-1.jpg?w=1024\" class=\"bdpp-img bdpp-post-feat-img\" alt=\"WINTER WONDERLAND\" \/>\r\n\t\t\t\t\t\t\t<\/a>\r\n\t\t<\/div>\r\n\t\t\r\n\t\t<h2 class=\"bdpp-post-title\">\r\n\t\t\t<a href=\"https:\/\/www.domainecadignac.com\/fr\/le-domaine-cadignac-recouvert-dune-couche-de-neige-poudreuse\/\">WINTER WONDERLAND<\/a>\r\n\t\t<\/h2>\r\n\r\n\t\t\t\t<div class=\"bdpp-post-meta bdpp-post-meta-up\">\r\n\t\t\t<span class=\"bdpp-post-meta-data bdpp-post-date\"><i class=\"bdpp-fa fa-regular fa-clock\"><\/i>27 f\u00e9vrier 2023<\/span>\t\t<\/div>\r\n\t\t\t\t<div class=\"bdpp-post-content\">\r\n\t\t\t<div class=\"bdpp-post-desc\">Le r\u00e9veil du pays des merveilles hivernales: une surprise enneig\u00e9e au Domaine Cadignac La semaine derni\u00e8re, les m\u00e9t\u00e9orologues sont devenus...<\/div>\r\n\t\t\t\t\t\t<a href=\"https:\/\/www.domainecadignac.com\/fr\/le-domaine-cadignac-recouvert-dune-couche-de-neige-poudreuse\/\" class=\"bdpp-rdmr-btn\">Lire la suite<\/a>\r\n\t\t\t\t\t<\/div>\r\n\t\t\t<\/div>\r\n<\/div><div class=\"bdpp-post-grid bdpp-col-2 bdpp-columns bdpp-post-3315 bdpp-post-standard bdpp-first bdpp-has-thumb\">\r\n\t<div class=\"bdpp-post-grid-content\">\r\n\t\t\t\t<div class=\"bdpp-post-img-bg\">\r\n\t\t\t<a href=\"https:\/\/www.domainecadignac.com\/fr\/festival-de-nimes-2023\/\">\r\n\t\t\t\t<img decoding=\"async\" src=\"https:\/\/domainecadignacgites.files.wordpress.com\/2023\/01\/image1-2.jpg?w=1024\" class=\"bdpp-img bdpp-post-feat-img\" alt=\"FESTIVAL DE N\u00ceMES &#8211; 2023\" \/>\r\n\t\t\t\t\t\t\t<\/a>\r\n\t\t<\/div>\r\n\t\t\r\n\t\t<h2 class=\"bdpp-post-title\">\r\n\t\t\t<a href=\"https:\/\/www.domainecadignac.com\/fr\/festival-de-nimes-2023\/\">FESTIVAL DE N\u00ceMES &#8211; 2023<\/a>\r\n\t\t<\/h2>\r\n\r\n\t\t\t\t<div class=\"bdpp-post-meta bdpp-post-meta-up\">\r\n\t\t\t<span class=\"bdpp-post-meta-data bdpp-post-date\"><i class=\"bdpp-fa fa-regular fa-clock\"><\/i>26 janvier 2023<\/span>\t\t<\/div>\r\n\t\t\t\t<div class=\"bdpp-post-content\">\r\n\t\t\t<div class=\"bdpp-post-desc\">Ar\u00e8nes de N\u00eemes : Au-del\u00e0 des Gladiateurs attend un \u00e9t\u00e9 en musique ! Les ar\u00e8nes historiques de N\u00eemes sont un...<\/div>\r\n\t\t\t\t\t\t<a href=\"https:\/\/www.domainecadignac.com\/fr\/festival-de-nimes-2023\/\" class=\"bdpp-rdmr-btn\">Lire la suite<\/a>\r\n\t\t\t\t\t<\/div>\r\n\t\t\t<\/div>\r\n<\/div><div class=\"bdpp-post-grid bdpp-col-2 bdpp-columns bdpp-post-3317 bdpp-post-standard bdpp-has-thumb\">\r\n\t<div class=\"bdpp-post-grid-content\">\r\n\t\t\t\t<div class=\"bdpp-post-img-bg\">\r\n\t\t\t<a href=\"https:\/\/www.domainecadignac.com\/fr\/les-plus-beaux-villages-du-gard\/\">\r\n\t\t\t\t<img decoding=\"async\" src=\"https:\/\/www.domainecadignac.com\/wp-content\/uploads\/2023\/01\/IMG_2070-1024x683.jpeg\" class=\"bdpp-img bdpp-post-feat-img\" alt=\"VILLAGES, LES PLUS BEAUX VILLAGES DU GARD\" \/>\r\n\t\t\t\t\t\t\t<\/a>\r\n\t\t<\/div>\r\n\t\t\r\n\t\t<h2 class=\"bdpp-post-title\">\r\n\t\t\t<a href=\"https:\/\/www.domainecadignac.com\/fr\/les-plus-beaux-villages-du-gard\/\">VILLAGES, LES PLUS BEAUX VILLAGES DU GARD<\/a>\r\n\t\t<\/h2>\r\n\r\n\t\t\t\t<div class=\"bdpp-post-meta bdpp-post-meta-up\">\r\n\t\t\t<span class=\"bdpp-post-meta-data bdpp-post-date\"><i class=\"bdpp-fa fa-regular fa-clock\"><\/i>25 janvier 2023<\/span>\t\t<\/div>\r\n\t\t\t\t<div class=\"bdpp-post-content\">\r\n\t\t\t<div class=\"bdpp-post-desc\">D\u00e9voiler les tr\u00e9sors cach\u00e9s du Gard: au-del\u00e0 du sentier touristique La r\u00e9gion du Gard poss\u00e8de non seulement des paysages \u00e9poustouflants...<\/div>\r\n\t\t\t\t\t\t<a href=\"https:\/\/www.domainecadignac.com\/fr\/les-plus-beaux-villages-du-gard\/\" class=\"bdpp-rdmr-btn\">Lire la suite<\/a>\r\n\t\t\t\t\t<\/div>\r\n\t\t\t<\/div>\r\n<\/div><div class=\"bdpp-post-grid bdpp-col-2 bdpp-columns bdpp-post-3321 bdpp-post-standard bdpp-first bdpp-has-thumb\">\r\n\t<div class=\"bdpp-post-grid-content\">\r\n\t\t\t\t<div class=\"bdpp-post-img-bg\">\r\n\t\t\t<a href=\"https:\/\/www.domainecadignac.com\/fr\/la-verite-chapitre-2\/\">\r\n\t\t\t\t<img decoding=\"async\" src=\"https:\/\/domainecadignacgites.files.wordpress.com\/2021\/03\/img_4200-1.jpg?w=1024\" class=\"bdpp-img bdpp-post-feat-img\" alt=\"LA V\u00c9RIT\u00c9 &#8211; CHAPITRE 2\" \/>\r\n\t\t\t\t\t\t\t<\/a>\r\n\t\t<\/div>\r\n\t\t\r\n\t\t<h2 class=\"bdpp-post-title\">\r\n\t\t\t<a href=\"https:\/\/www.domainecadignac.com\/fr\/la-verite-chapitre-2\/\">LA V\u00c9RIT\u00c9 &#8211; CHAPITRE 2<\/a>\r\n\t\t<\/h2>\r\n\r\n\t\t\t\t<div class=\"bdpp-post-meta bdpp-post-meta-up\">\r\n\t\t\t<span class=\"bdpp-post-meta-data bdpp-post-date\"><i class=\"bdpp-fa fa-regular fa-clock\"><\/i>31 mars 2021<\/span>\t\t<\/div>\r\n\t\t\t\t<div class=\"bdpp-post-content\">\r\n\t\t\t<div class=\"bdpp-post-desc\">nouveau d\u00e9fi Apr\u00e8s presque 21 ans de possession du mas d&#39;Ol\u00e9andre \u00e0 Saint M\u00e9diers, nous \u00e9tions pr\u00eats \u00e0 relever un...<\/div>\r\n\t\t\t\t\t\t<a href=\"https:\/\/www.domainecadignac.com\/fr\/la-verite-chapitre-2\/\" class=\"bdpp-rdmr-btn\">Lire la suite<\/a>\r\n\t\t\t\t\t<\/div>\r\n\t\t\t<\/div>\r\n<\/div>\t<\/div>\r\n\t<\/div>\n","protected":false},"excerpt":{"rendered":"<p>nouveau d\u00e9fi Apr\u00e8s presque 21 ans de possession du mas d&rsquo;Ol\u00e9andre \u00e0 Saint M\u00e9diers, nous \u00e9tions pr\u00eats \u00e0 relever un nouveau d\u00e9fi. Nous avons commenc\u00e9 avec un blog qui s&rsquo;appelait la V\u00e9rit\u00e9 et maintenant nous&hellip; <a href=\"https:\/\/www.domainecadignac.com\/fr\/la-verite-chapitre-2\/\">Plus<\/a><\/p>\n","protected":false},"author":2,"featured_media":0,"comment_status":"open","ping_status":"open","sticky":false,"template":"","format":"standard","meta":{"footnotes":""},"categories":[57],"tags":[],"class_list":["post-3321","post","type-post","status-publish","format-standard","hentry","category-geen-categorie-fr"],"yoast_head":"<!-- This site is optimized with the Yoast SEO plugin v27.5 - https:\/\/yoast.com\/product\/yoast-seo-wordpress\/ -->\n<title>la v\u00e9rit\u00e9 - chapitre 2<\/title>\n<meta name=\"description\" content=\"La v\u00e9rit\u00e9, sur notre live \u00e0 la Douce France. Apr\u00e8s 21 ans \u00e0 diriger un B&amp;B \u00e0 succ\u00e8s, il \u00e9tait temps de changer\u2026\u2026.\" \/>\n<meta name=\"robots\" content=\"index, follow, max-snippet:-1, max-image-preview:large, max-video-preview:-1\" \/>\n<link rel=\"canonical\" href=\"https:\/\/www.domainecadignac.com\/fr\/la-verite-chapitre-2\/\" \/>\n<meta property=\"og:locale\" content=\"fr_FR\" \/>\n<meta property=\"og:type\" content=\"article\" \/>\n<meta property=\"og:title\" content=\"la v\u00e9rit\u00e9 - chapitre 2\" \/>\n<meta property=\"og:description\" content=\"La v\u00e9rit\u00e9, sur notre live \u00e0 la Douce France. Apr\u00e8s 21 ans \u00e0 diriger un B&amp;B \u00e0 succ\u00e8s, il \u00e9tait temps de changer\u2026\u2026.\" \/>\n<meta property=\"og:url\" content=\"https:\/\/www.domainecadignac.com\/fr\/la-verite-chapitre-2\/\" \/>\n<meta property=\"article:publisher\" content=\"https:\/\/facebook.com\/domainecadignac\" \/>\n<meta property=\"article:published_time\" content=\"2021-03-31T06:37:46+00:00\" \/>\n<meta property=\"article:modified_time\" content=\"2024-03-20T19:29:36+00:00\" \/>\n<meta property=\"og:image\" content=\"https:\/\/domainecadignacgites.files.wordpress.com\/2021\/03\/img_4200-1.jpg?w=1024\" \/>\n<meta name=\"author\" content=\"leonardesther\" \/>\n<meta name=\"twitter:card\" content=\"summary_large_image\" \/>\n<meta name=\"twitter:label1\" content=\"\u00c9crit par\" \/>\n\t<meta name=\"twitter:data1\" content=\"leonardesther\" \/>\n\t<meta name=\"twitter:label2\" content=\"Dur\u00e9e de lecture estim\u00e9e\" \/>\n\t<meta name=\"twitter:data2\" content=\"1 minute\" \/>\n<script type=\"application\/ld+json\" class=\"yoast-schema-graph\">{\"@context\":\"https:\\\/\\\/schema.org\",\"@graph\":[{\"@type\":\"Article\",\"@id\":\"https:\\\/\\\/www.domainecadignac.com\\\/fr\\\/la-verite-chapitre-2\\\/#article\",\"isPartOf\":{\"@id\":\"https:\\\/\\\/www.domainecadignac.com\\\/fr\\\/la-verite-chapitre-2\\\/\"},\"author\":{\"name\":\"leonardesther\",\"@id\":\"https:\\\/\\\/www.domainecadignac.com\\\/fr\\\/#\\\/schema\\\/person\\\/a60a476ac86c1e446059d3e9e5ce2bc2\"},\"headline\":\"LA V\u00c9RIT\u00c9 &#8211; CHAPITRE 2\",\"datePublished\":\"2021-03-31T06:37:46+00:00\",\"dateModified\":\"2024-03-20T19:29:36+00:00\",\"mainEntityOfPage\":{\"@id\":\"https:\\\/\\\/www.domainecadignac.com\\\/fr\\\/la-verite-chapitre-2\\\/\"},\"wordCount\":246,\"commentCount\":0,\"publisher\":{\"@id\":\"https:\\\/\\\/www.domainecadignac.com\\\/fr\\\/#organization\"},\"image\":{\"@id\":\"https:\\\/\\\/www.domainecadignac.com\\\/fr\\\/la-verite-chapitre-2\\\/#primaryimage\"},\"thumbnailUrl\":\"https:\\\/\\\/domainecadignacgites.files.wordpress.com\\\/2021\\\/03\\\/img_4200-1.jpg?w=1024\",\"articleSection\":[\"Geen categorie\"],\"inLanguage\":\"fr-FR\",\"potentialAction\":[{\"@type\":\"CommentAction\",\"name\":\"Comment\",\"target\":[\"https:\\\/\\\/www.domainecadignac.com\\\/fr\\\/la-verite-chapitre-2\\\/#respond\"]}]},{\"@type\":\"WebPage\",\"@id\":\"https:\\\/\\\/www.domainecadignac.com\\\/fr\\\/la-verite-chapitre-2\\\/\",\"url\":\"https:\\\/\\\/www.domainecadignac.com\\\/fr\\\/la-verite-chapitre-2\\\/\",\"name\":\"la v\u00e9rit\u00e9 - chapitre 2\",\"isPartOf\":{\"@id\":\"https:\\\/\\\/www.domainecadignac.com\\\/fr\\\/#website\"},\"primaryImageOfPage\":{\"@id\":\"https:\\\/\\\/www.domainecadignac.com\\\/fr\\\/la-verite-chapitre-2\\\/#primaryimage\"},\"image\":{\"@id\":\"https:\\\/\\\/www.domainecadignac.com\\\/fr\\\/la-verite-chapitre-2\\\/#primaryimage\"},\"thumbnailUrl\":\"https:\\\/\\\/domainecadignacgites.files.wordpress.com\\\/2021\\\/03\\\/img_4200-1.jpg?w=1024\",\"datePublished\":\"2021-03-31T06:37:46+00:00\",\"dateModified\":\"2024-03-20T19:29:36+00:00\",\"description\":\"La v\u00e9rit\u00e9, sur notre live \u00e0 la Douce France. Apr\u00e8s 21 ans \u00e0 diriger un B&B \u00e0 succ\u00e8s, il \u00e9tait temps de changer\u2026\u2026.\",\"breadcrumb\":{\"@id\":\"https:\\\/\\\/www.domainecadignac.com\\\/fr\\\/la-verite-chapitre-2\\\/#breadcrumb\"},\"inLanguage\":\"fr-FR\",\"potentialAction\":[{\"@type\":\"ReadAction\",\"target\":[\"https:\\\/\\\/www.domainecadignac.com\\\/fr\\\/la-verite-chapitre-2\\\/\"]}]},{\"@type\":\"ImageObject\",\"inLanguage\":\"fr-FR\",\"@id\":\"https:\\\/\\\/www.domainecadignac.com\\\/fr\\\/la-verite-chapitre-2\\\/#primaryimage\",\"url\":\"https:\\\/\\\/domainecadignacgites.files.wordpress.com\\\/2021\\\/03\\\/img_4200-1.jpg?w=1024\",\"contentUrl\":\"https:\\\/\\\/domainecadignacgites.files.wordpress.com\\\/2021\\\/03\\\/img_4200-1.jpg?w=1024\"},{\"@type\":\"BreadcrumbList\",\"@id\":\"https:\\\/\\\/www.domainecadignac.com\\\/fr\\\/la-verite-chapitre-2\\\/#breadcrumb\",\"itemListElement\":[{\"@type\":\"ListItem\",\"position\":1,\"name\":\"Home\",\"item\":\"https:\\\/\\\/www.domainecadignac.com\\\/fr\\\/\"},{\"@type\":\"ListItem\",\"position\":2,\"name\":\"LA V\u00c9RIT\u00c9 &#8211; CHAPITRE 2\"}]},{\"@type\":\"WebSite\",\"@id\":\"https:\\\/\\\/www.domainecadignac.com\\\/fr\\\/#website\",\"url\":\"https:\\\/\\\/www.domainecadignac.com\\\/fr\\\/\",\"name\":\"vakantiehuizen in de Provence\",\"description\":\"Maison de vacances avec piscine en Provence, pr\u00e8s d&#039;Avignon &amp; Uz\u00e8s\",\"publisher\":{\"@id\":\"https:\\\/\\\/www.domainecadignac.com\\\/fr\\\/#organization\"},\"potentialAction\":[{\"@type\":\"SearchAction\",\"target\":{\"@type\":\"EntryPoint\",\"urlTemplate\":\"https:\\\/\\\/www.domainecadignac.com\\\/fr\\\/?s={search_term_string}\"},\"query-input\":{\"@type\":\"PropertyValueSpecification\",\"valueRequired\":true,\"valueName\":\"search_term_string\"}}],\"inLanguage\":\"fr-FR\"},{\"@type\":\"Organization\",\"@id\":\"https:\\\/\\\/www.domainecadignac.com\\\/fr\\\/#organization\",\"name\":\"Domaine Cadignac - maison d\u2019h\u00f4tes\",\"url\":\"https:\\\/\\\/www.domainecadignac.com\\\/fr\\\/\",\"logo\":{\"@type\":\"ImageObject\",\"inLanguage\":\"fr-FR\",\"@id\":\"https:\\\/\\\/www.domainecadignac.com\\\/fr\\\/#\\\/schema\\\/logo\\\/image\\\/\",\"url\":\"https:\\\/\\\/www.domainecadignac.com\\\/wp-content\\\/uploads\\\/2024\\\/02\\\/IMG_2225.jpeg\",\"contentUrl\":\"https:\\\/\\\/www.domainecadignac.com\\\/wp-content\\\/uploads\\\/2024\\\/02\\\/IMG_2225.jpeg\",\"width\":1326,\"height\":816,\"caption\":\"Domaine Cadignac - maison d\u2019h\u00f4tes\"},\"image\":{\"@id\":\"https:\\\/\\\/www.domainecadignac.com\\\/fr\\\/#\\\/schema\\\/logo\\\/image\\\/\"},\"sameAs\":[\"https:\\\/\\\/facebook.com\\\/domainecadignac\",\"https:\\\/\\\/instagram.com\\\/domainecadignac\"]},{\"@type\":\"Person\",\"@id\":\"https:\\\/\\\/www.domainecadignac.com\\\/fr\\\/#\\\/schema\\\/person\\\/a60a476ac86c1e446059d3e9e5ce2bc2\",\"name\":\"leonardesther\",\"image\":{\"@type\":\"ImageObject\",\"inLanguage\":\"fr-FR\",\"@id\":\"https:\\\/\\\/secure.gravatar.com\\\/avatar\\\/ea34521714616b9834e6b2e12aee987ddd24a57aa3b2230cb91577c7a8c5c204?s=96&d=mm&r=g\",\"url\":\"https:\\\/\\\/secure.gravatar.com\\\/avatar\\\/ea34521714616b9834e6b2e12aee987ddd24a57aa3b2230cb91577c7a8c5c204?s=96&d=mm&r=g\",\"contentUrl\":\"https:\\\/\\\/secure.gravatar.com\\\/avatar\\\/ea34521714616b9834e6b2e12aee987ddd24a57aa3b2230cb91577c7a8c5c204?s=96&d=mm&r=g\",\"caption\":\"leonardesther\"},\"url\":\"https:\\\/\\\/www.domainecadignac.com\\\/fr\\\/author\\\/leonardesther\\\/\"}]}<\/script>\n<!-- \/ Yoast SEO plugin. -->","yoast_head_json":{"title":"la v\u00e9rit\u00e9 - chapitre 2","description":"La v\u00e9rit\u00e9, sur notre live \u00e0 la Douce France. Apr\u00e8s 21 ans \u00e0 diriger un B&B \u00e0 succ\u00e8s, il \u00e9tait temps de changer\u2026\u2026.","robots":{"index":"index","follow":"follow","max-snippet":"max-snippet:-1","max-image-preview":"max-image-preview:large","max-video-preview":"max-video-preview:-1"},"canonical":"https:\/\/www.domainecadignac.com\/fr\/la-verite-chapitre-2\/","og_locale":"fr_FR","og_type":"article","og_title":"la v\u00e9rit\u00e9 - chapitre 2","og_description":"La v\u00e9rit\u00e9, sur notre live \u00e0 la Douce France. Apr\u00e8s 21 ans \u00e0 diriger un B&B \u00e0 succ\u00e8s, il \u00e9tait temps de changer\u2026\u2026.","og_url":"https:\/\/www.domainecadignac.com\/fr\/la-verite-chapitre-2\/","article_publisher":"https:\/\/facebook.com\/domainecadignac","article_published_time":"2021-03-31T06:37:46+00:00","article_modified_time":"2024-03-20T19:29:36+00:00","og_image":[{"url":"https:\/\/domainecadignacgites.files.wordpress.com\/2021\/03\/img_4200-1.jpg?w=1024","type":"","width":"","height":""}],"author":"leonardesther","twitter_card":"summary_large_image","twitter_misc":{"\u00c9crit par":"leonardesther","Dur\u00e9e de lecture estim\u00e9e":"1 minute"},"schema":{"@context":"https:\/\/schema.org","@graph":[{"@type":"Article","@id":"https:\/\/www.domainecadignac.com\/fr\/la-verite-chapitre-2\/#article","isPartOf":{"@id":"https:\/\/www.domainecadignac.com\/fr\/la-verite-chapitre-2\/"},"author":{"name":"leonardesther","@id":"https:\/\/www.domainecadignac.com\/fr\/#\/schema\/person\/a60a476ac86c1e446059d3e9e5ce2bc2"},"headline":"LA V\u00c9RIT\u00c9 &#8211; CHAPITRE 2","datePublished":"2021-03-31T06:37:46+00:00","dateModified":"2024-03-20T19:29:36+00:00","mainEntityOfPage":{"@id":"https:\/\/www.domainecadignac.com\/fr\/la-verite-chapitre-2\/"},"wordCount":246,"commentCount":0,"publisher":{"@id":"https:\/\/www.domainecadignac.com\/fr\/#organization"},"image":{"@id":"https:\/\/www.domainecadignac.com\/fr\/la-verite-chapitre-2\/#primaryimage"},"thumbnailUrl":"https:\/\/domainecadignacgites.files.wordpress.com\/2021\/03\/img_4200-1.jpg?w=1024","articleSection":["Geen categorie"],"inLanguage":"fr-FR","potentialAction":[{"@type":"CommentAction","name":"Comment","target":["https:\/\/www.domainecadignac.com\/fr\/la-verite-chapitre-2\/#respond"]}]},{"@type":"WebPage","@id":"https:\/\/www.domainecadignac.com\/fr\/la-verite-chapitre-2\/","url":"https:\/\/www.domainecadignac.com\/fr\/la-verite-chapitre-2\/","name":"la v\u00e9rit\u00e9 - chapitre 2","isPartOf":{"@id":"https:\/\/www.domainecadignac.com\/fr\/#website"},"primaryImageOfPage":{"@id":"https:\/\/www.domainecadignac.com\/fr\/la-verite-chapitre-2\/#primaryimage"},"image":{"@id":"https:\/\/www.domainecadignac.com\/fr\/la-verite-chapitre-2\/#primaryimage"},"thumbnailUrl":"https:\/\/domainecadignacgites.files.wordpress.com\/2021\/03\/img_4200-1.jpg?w=1024","datePublished":"2021-03-31T06:37:46+00:00","dateModified":"2024-03-20T19:29:36+00:00","description":"La v\u00e9rit\u00e9, sur notre live \u00e0 la Douce France. Apr\u00e8s 21 ans \u00e0 diriger un B&B \u00e0 succ\u00e8s, il \u00e9tait temps de changer\u2026\u2026.","breadcrumb":{"@id":"https:\/\/www.domainecadignac.com\/fr\/la-verite-chapitre-2\/#breadcrumb"},"inLanguage":"fr-FR","potentialAction":[{"@type":"ReadAction","target":["https:\/\/www.domainecadignac.com\/fr\/la-verite-chapitre-2\/"]}]},{"@type":"ImageObject","inLanguage":"fr-FR","@id":"https:\/\/www.domainecadignac.com\/fr\/la-verite-chapitre-2\/#primaryimage","url":"https:\/\/domainecadignacgites.files.wordpress.com\/2021\/03\/img_4200-1.jpg?w=1024","contentUrl":"https:\/\/domainecadignacgites.files.wordpress.com\/2021\/03\/img_4200-1.jpg?w=1024"},{"@type":"BreadcrumbList","@id":"https:\/\/www.domainecadignac.com\/fr\/la-verite-chapitre-2\/#breadcrumb","itemListElement":[{"@type":"ListItem","position":1,"name":"Home","item":"https:\/\/www.domainecadignac.com\/fr\/"},{"@type":"ListItem","position":2,"name":"LA V\u00c9RIT\u00c9 &#8211; CHAPITRE 2"}]},{"@type":"WebSite","@id":"https:\/\/www.domainecadignac.com\/fr\/#website","url":"https:\/\/www.domainecadignac.com\/fr\/","name":"vakantiehuizen in de Provence","description":"Maison de vacances avec piscine en Provence, pr\u00e8s d&#039;Avignon &amp; Uz\u00e8s","publisher":{"@id":"https:\/\/www.domainecadignac.com\/fr\/#organization"},"potentialAction":[{"@type":"SearchAction","target":{"@type":"EntryPoint","urlTemplate":"https:\/\/www.domainecadignac.com\/fr\/?s={search_term_string}"},"query-input":{"@type":"PropertyValueSpecification","valueRequired":true,"valueName":"search_term_string"}}],"inLanguage":"fr-FR"},{"@type":"Organization","@id":"https:\/\/www.domainecadignac.com\/fr\/#organization","name":"Domaine Cadignac - maison d\u2019h\u00f4tes","url":"https:\/\/www.domainecadignac.com\/fr\/","logo":{"@type":"ImageObject","inLanguage":"fr-FR","@id":"https:\/\/www.domainecadignac.com\/fr\/#\/schema\/logo\/image\/","url":"https:\/\/www.domainecadignac.com\/wp-content\/uploads\/2024\/02\/IMG_2225.jpeg","contentUrl":"https:\/\/www.domainecadignac.com\/wp-content\/uploads\/2024\/02\/IMG_2225.jpeg","width":1326,"height":816,"caption":"Domaine Cadignac - maison d\u2019h\u00f4tes"},"image":{"@id":"https:\/\/www.domainecadignac.com\/fr\/#\/schema\/logo\/image\/"},"sameAs":["https:\/\/facebook.com\/domainecadignac","https:\/\/instagram.com\/domainecadignac"]},{"@type":"Person","@id":"https:\/\/www.domainecadignac.com\/fr\/#\/schema\/person\/a60a476ac86c1e446059d3e9e5ce2bc2","name":"leonardesther","image":{"@type":"ImageObject","inLanguage":"fr-FR","@id":"https:\/\/secure.gravatar.com\/avatar\/ea34521714616b9834e6b2e12aee987ddd24a57aa3b2230cb91577c7a8c5c204?s=96&d=mm&r=g","url":"https:\/\/secure.gravatar.com\/avatar\/ea34521714616b9834e6b2e12aee987ddd24a57aa3b2230cb91577c7a8c5c204?s=96&d=mm&r=g","contentUrl":"https:\/\/secure.gravatar.com\/avatar\/ea34521714616b9834e6b2e12aee987ddd24a57aa3b2230cb91577c7a8c5c204?s=96&d=mm&r=g","caption":"leonardesther"},"url":"https:\/\/www.domainecadignac.com\/fr\/author\/leonardesther\/"}]}},"jetpack_featured_media_url":"","_links":{"self":[{"href":"https:\/\/www.domainecadignac.com\/fr\/wp-json\/wp\/v2\/posts\/3321","targetHints":{"allow":["GET"]}}],"collection":[{"href":"https:\/\/www.domainecadignac.com\/fr\/wp-json\/wp\/v2\/posts"}],"about":[{"href":"https:\/\/www.domainecadignac.com\/fr\/wp-json\/wp\/v2\/types\/post"}],"author":[{"embeddable":true,"href":"https:\/\/www.domainecadignac.com\/fr\/wp-json\/wp\/v2\/users\/2"}],"replies":[{"embeddable":true,"href":"https:\/\/www.domainecadignac.com\/fr\/wp-json\/wp\/v2\/comments?post=3321"}],"version-history":[{"count":13,"href":"https:\/\/www.domainecadignac.com\/fr\/wp-json\/wp\/v2\/posts\/3321\/revisions"}],"predecessor-version":[{"id":6322,"href":"https:\/\/www.domainecadignac.com\/fr\/wp-json\/wp\/v2\/posts\/3321\/revisions\/6322"}],"wp:attachment":[{"href":"https:\/\/www.domainecadignac.com\/fr\/wp-json\/wp\/v2\/media?parent=3321"}],"wp:term":[{"taxonomy":"category","embeddable":true,"href":"https:\/\/www.domainecadignac.com\/fr\/wp-json\/wp\/v2\/categories?post=3321"},{"taxonomy":"post_tag","embeddable":true,"href":"https:\/\/www.domainecadignac.com\/fr\/wp-json\/wp\/v2\/tags?post=3321"}],"curies":[{"name":"wp","href":"https:\/\/api.w.org\/{rel}","templated":true}]}}